{"id":2022,"date":"2019-07-23T15:24:19","date_gmt":"2019-07-23T13:24:19","guid":{"rendered":"http:\/\/fluidite.fr\/?p=2022"},"modified":"2019-07-24T22:23:16","modified_gmt":"2019-07-24T20:23:16","slug":"neuro-mythe-nous-nutilisons-que-10-de-notre-cerveau","status":"publish","type":"post","link":"https:\/\/fluidite.fr\/index.php\/2019\/07\/23\/neuro-mythe-nous-nutilisons-que-10-de-notre-cerveau\/","title":{"rendered":"Neuro-mythes : nous n&#8217;utilisons que 10% de notre cerveau"},"content":{"rendered":"\n<h2 class=\"wp-block-heading\">Nous n&#8217;utilisons que 10% de notre cerveau<\/h2>\n\n\n\n<p>Ce mythe laisse penser que nous n\u2019utilisons qu\u2019une fraction de notre cerveau et que nous sous-exploitons son potentiel. Pourquoi cette conclusion\u00a0? Plusieurs hypoth\u00e8ses se c\u00f4toient dans la litt\u00e9rature scientifique au sujet de l\u2019origine de ce mythe. Les plus anciennes remontent au d\u00e9but du XXeme si\u00e8cle, alors que les appareils de mesure, peu sensibles compar\u00e9s \u00e0 notre technologie aujourd\u2019hui, relevaient des zones \u00ab\u00a0silencieuses\u00a0\u00bb et donnant ainsi l\u2019impression de n\u2019utiliser qu\u2019une partie du cerveau. A cette m\u00eame \u00e9poque, un psychologue am\u00e9ricain, William James \u00e9crit dans son livre \u00ab\u00a0the energies of Men\u00a0\u00bb, paru en 1908, que \u00ab\u00a0nous n\u2019utilisons qu\u2019une petite partie de nos potentielles ressources mentales et physiques\u00a0\u00bb. Albert Einstein aussi aurait pr\u00e9tendu \u00e0 cette m\u00eame \u00e9poque n\u2019utiliser que 10% de son cerveau. L\u2019imagerie c\u00e9r\u00e9brale moderne peut contribuer \u00e0 cette illusion en sugg\u00e9rant que les r\u00e9gions d\u00e9limit\u00e9es par des couleurs sont les seules fonctionnelles. En r\u00e9alit\u00e9, ces zones color\u00e9es ne font que r\u00e9v\u00e9ler un surcro\u00eet d\u2019activit\u00e9 par rapport au reste du cerveau.<br><br><\/p>\n\n\n\n<p><\/p>\n\n\n\n<p><\/p>\n\n\n\n<p>Certains cin\u00e9astes ont aussi particip\u00e9 \u00e0 la propagation du mythe en basant leur sc\u00e9nario sur la capacit\u00e9 \u00e0 exploiter davantage notre potentiel c\u00e9r\u00e9bral. Je pense \u00e0 Luc Besson avec son film \u00ab&nbsp;Lucy&nbsp;\u00bb qui en 2014 a fait 50 millions d\u2019entr\u00e9es\u202650 millions de personnes chez qui le mythe est peut-\u00eatre d\u00e9finitivement ancr\u00e9.<br><br><\/p>\n\n\n\n<p><\/p>\n\n\n\n<p><\/p>\n\n\n\n<p>Les recherches d\u00e9montrent que nous utilisons 100% de notre cerveau en permanence. La neuro-imagerie illustre que nous utilisons \u00e0 chaque instant une grande partie de r\u00e9gions interconnect\u00e9es et r\u00e9parties dans les deux h\u00e9misph\u00e8res, m\u00eame quand nous ne faisons rien, m\u00eame quand nous dormons.  Ceci \u00e9tant dit, nous avons cependant la possibilit\u00e9 de d\u00e9velopper le potentiel de notre cerveau. Cette notion est n\u00e9e avec les d\u00e9couvertes de la plasticit\u00e9 c\u00e9r\u00e9brale, un sujet dont je parlerai dans un prochain article. Par ailleurs, nous pouvons faire un meilleur usage de notre fonctionnement c\u00e9r\u00e9bral en comprenant les limites biologiques de cet organe pour \u00e9viter de lui en demander trop par exemple et de l\u2019\u00e9puiser, ou en travaillant sur les chemins de la pens\u00e9e constructive versus destructive\u2026c\u2019est toute la valeur ajout\u00e9e d\u2019un coach qui accompagne un client vers un mieux-\u00eatre. <br><\/p>\n\n\n\n<hr class=\"wp-block-separator\"\/>\n\n\n\n<p><\/p>\n","protected":false},"excerpt":{"rendered":"<p>Nous n&#8217;utilisons que 10% de notre cerveau Ce mythe laisse penser que nous n\u2019utilisons qu\u2019une fraction de notre cerveau et que nous sous-exploitons son potentiel. Pourquoi cette conclusion\u00a0? Plusieurs hypoth\u00e8ses se c\u00f4toient dans la litt\u00e9rature scientifique au sujet de l\u2019origine de ce mythe. Les plus anciennes remontent au d\u00e9but du XXeme si\u00e8cle, alors que les appareils de mesure, peu sensibles&hellip;<\/p>\n","protected":false},"author":10,"featured_media":2025,"comment_status":"closed","ping_status":"open","sticky":false,"template":"","format":"standard","meta":[],"categories":[10],"tags":[120,124,127,126,125,123,112,121],"_links":{"self":[{"href":"https:\/\/fluidite.fr\/index.php\/wp-json\/wp\/v2\/posts\/2022"}],"collection":[{"href":"https:\/\/fluidite.fr\/index.php\/wp-json\/wp\/v2\/posts"}],"about":[{"href":"https:\/\/fluidite.fr\/index.php\/wp-json\/wp\/v2\/types\/post"}],"author":[{"embeddable":true,"href":"https:\/\/fluidite.fr\/index.php\/wp-json\/wp\/v2\/users\/10"}],"replies":[{"embeddable":true,"href":"https:\/\/fluidite.fr\/index.php\/wp-json\/wp\/v2\/comments?post=2022"}],"version-history":[{"count":9,"href":"https:\/\/fluidite.fr\/index.php\/wp-json\/wp\/v2\/posts\/2022\/revisions"}],"predecessor-version":[{"id":2159,"href":"https:\/\/fluidite.fr\/index.php\/wp-json\/wp\/v2\/posts\/2022\/revisions\/2159"}],"wp:featuredmedia":[{"embeddable":true,"href":"https:\/\/fluidite.fr\/index.php\/wp-json\/wp\/v2\/media\/2025"}],"wp:attachment":[{"href":"https:\/\/fluidite.fr\/index.php\/wp-json\/wp\/v2\/media?parent=2022"}],"wp:term":[{"taxonomy":"category","embeddable":true,"href":"https:\/\/fluidite.fr\/index.php\/wp-json\/wp\/v2\/categories?post=2022"},{"taxonomy":"post_tag","embeddable":true,"href":"https:\/\/fluidite.fr\/index.php\/wp-json\/wp\/v2\/tags?post=2022"}],"curies":[{"name":"wp","href":"https:\/\/api.w.org\/{rel}","templated":true}]}}